{"id":12494,"date":"2020-06-12T07:05:58","date_gmt":"2020-06-12T11:05:58","guid":{"rendered":"https:\/\/www.cinecalidad.is\/espana\/?p=12494"},"modified":"2020-06-12T07:07:08","modified_gmt":"2020-06-12T11:07:08","slug":"sordo-2019-online-descarga","status":"publish","type":"post","link":"https:\/\/www.cinecalidad.ro\/espana\/pelicula\/sordo-2019-online-descarga\/","title":{"rendered":"Sordo (2019)"},"content":{"rendered":"<table border=\"0\" cellspacing=\"0\" cellpadding=\"0\"><tr>\r\n<td style=\"padding-left:0px\"> <img loading=\"lazy\" decoding=\"async\" src=\"\/espana\/wp-content\/uploads\/2020\/06\/sordo.jpg\" alt=\"\" width=\"420\" height=\"600\" class=\"alignnone size-full wp-image-12495\" \/> <\/td>\r\n<td style=\"text-align:justify\">\r\n<p>Octubre, 1944. En una Espa\u00f1a de pobreza, hambre y odio despu\u00e9s de que el general Franco ganara la guerra civil, un revolucionario rebelde en contra de la dictadura de Franquist, que perdi\u00f3 la audici\u00f3n despu\u00e9s de un fallido sabotaje, intenta escapar de las fuerzas militares.<\/p>\r\n<p>&nbsp;<\/p>\r\n<p><span><strong>T\u00edtulos:<\/strong>Sordo | The (Silent) War<\/span><\/p>\r\n<div id=\"imdb-box\"><strong>IMDb:<\/strong><div id=\"star-rating-box\"><div class=\"star-ratings-css\">\r\n<div class=\"star-ratings-css-top\" style=\"width: 56%\"><span>\u2605<\/span><span>\u2605<\/span><span>\u2605<\/span><span>\u2605<\/span><span>\u2605<\/span><\/div>\r\n<div class=\"star-ratings-css-bottom\"><span>\u2605<\/span><span>\u2605<\/span><span>\u2605<\/span><span>\u2605<\/span><span>\u2605<\/span><\/div>\r\n<\/div><\/div> \u00a0<a href=\"https:\/\/www.imdb.com\/title\/tt7336684\/\" rel=\"nofollow noopener noreferrer\" target=\"_blank\" style=\"font-weight:bold\">5.6\/10<\/a> de 491 votos<\/div>\r\n<p><span><strong>G\u00e9nero:<\/strong>Acci\u00f3n | Drama<\/span><br \/>\r\n<span><strong>Audio:<\/strong>Castellano Espa\u00f1a<\/span><br \/>\r\n<span><strong>Calidad:<\/strong>Full HD Bluray - AVC 2000kbps | AAC 160kbps<\/span><br \/>\r\n<span><strong>Director:<\/strong>Alfonso Cort\u00e9s-Cavanillas<\/span><br \/>\r\n<span><strong>Elenco:<\/strong>Asier Etxeandia, Marian \u00c1lvarez, Hugo Silva, Aitor Luna, Imanol Arias, Olimpia Melinte, Ruth D\u00edaz, Jorge Basanta, Stephanie Gil, Roberto Bonacini, Jaime Mart\u00edn<\/span><\/p><!--PlaceholderForAds--><\/td>\r\n<\/tr><\/table><div><!--PlaceholderForLinks--><\/div>","protected":false},"excerpt":{"rendered":"<p>Octubre, 1944. En una Espa\u00f1a de pobreza, hambre y odio despu\u00e9s de que el general Franco ganara la guerra civil, un revolucionario rebelde en contra de la dictadura de Franquist, que perdi\u00f3 la audici\u00f3n despu\u00e9s de un fallido sabotaje, intenta escapar de las fuerzas militares. &nbsp; T\u00edtulos:Sordo | The (Silent) War IMDb: \u2605\u2605\u2605\u2605\u2605 \u2605\u2605\u2605\u2605\u2605 \u00a05.6\/10 [&hellip;]<\/p>\n","protected":false},"author":1,"featured_media":12495,"comment_status":"closed","ping_status":"open","sticky":false,"template":"","format":"standard","meta":{"footnotes":""},"categories":[3,69],"tags":[18357,17071,21759,20895,9320,21768,21766,9445,15207,21764,21765,21761,10593,21760,21763,21767,11792,21762],"class_list":["post-12494","post","type-post","status-publish","format-standard","has-post-thumbnail","hentry","category-accion","category-drama","tag-18357","tag-aitor-luna","tag-alfonso-cortes-cavanillas","tag-asier-etxeandia","tag-audio-castellano","tag-cristobal-suarez","tag-edu-mayo","tag-hugo-silva","tag-imanol-arias","tag-jaime-martin","tag-javier-ballesteros","tag-jorge-basanta","tag-marian-alvarez","tag-olimpia-melinte","tag-roberto-bonacini","tag-rocio-calvo","tag-ruth-diaz","tag-stephanie-gil"],"aioseo_notices":[],"_links":{"self":[{"href":"https:\/\/www.cinecalidad.ro\/espana\/wp-json\/wp\/v2\/posts\/12494","targetHints":{"allow":["GET"]}}],"collection":[{"href":"https:\/\/www.cinecalidad.ro\/espana\/wp-json\/wp\/v2\/posts"}],"about":[{"href":"https:\/\/www.cinecalidad.ro\/espana\/wp-json\/wp\/v2\/types\/post"}],"author":[{"embeddable":true,"href":"https:\/\/www.cinecalidad.ro\/espana\/wp-json\/wp\/v2\/users\/1"}],"replies":[{"embeddable":true,"href":"https:\/\/www.cinecalidad.ro\/espana\/wp-json\/wp\/v2\/comments?post=12494"}],"version-history":[{"count":1,"href":"https:\/\/www.cinecalidad.ro\/espana\/wp-json\/wp\/v2\/posts\/12494\/revisions"}],"predecessor-version":[{"id":12497,"href":"https:\/\/www.cinecalidad.ro\/espana\/wp-json\/wp\/v2\/posts\/12494\/revisions\/12497"}],"wp:featuredmedia":[{"embeddable":true,"href":"https:\/\/www.cinecalidad.ro\/espana\/wp-json\/wp\/v2\/media\/12495"}],"wp:attachment":[{"href":"https:\/\/www.cinecalidad.ro\/espana\/wp-json\/wp\/v2\/media?parent=12494"}],"wp:term":[{"taxonomy":"category","embeddable":true,"href":"https:\/\/www.cinecalidad.ro\/espana\/wp-json\/wp\/v2\/categories?post=12494"},{"taxonomy":"post_tag","embeddable":true,"href":"https:\/\/www.cinecalidad.ro\/espana\/wp-json\/wp\/v2\/tags?post=12494"}],"curies":[{"name":"wp","href":"https:\/\/api.w.org\/{rel}","templated":true}]}}