{"id":13247,"date":"2021-02-04T22:24:49","date_gmt":"2021-02-05T02:24:49","guid":{"rendered":"https:\/\/www.cinecalidad.is\/espana\/?p=13247"},"modified":"2021-02-04T22:24:49","modified_gmt":"2021-02-05T02:24:49","slug":"seberg-mas-alla-del-cine-2019-online-descarga","status":"publish","type":"post","link":"https:\/\/www.cinecalidad.ro\/espana\/pelicula\/seberg-mas-alla-del-cine-2019-online-descarga\/","title":{"rendered":"Seberg: M\u00e1s all\u00e1 del cine (2019)"},"content":{"rendered":"<table border=\"0\" cellspacing=\"0\" cellpadding=\"0\"><tr>\r\n<td style=\"padding-left:0px\"> <img loading=\"lazy\" decoding=\"async\" src=\"\/espana\/wp-content\/uploads\/2021\/02\/Seberg-Mas-alla-del-cine-2019.jpg\" alt=\"\" width=\"405\" height=\"600\" class=\"alignnone size-full wp-image-13249\" \/> <\/td>\r\n<td style=\"text-align:justify\">\r\n<p>Un joven y ambicioso agente del FBI es asignado para averiguar a la ic\u00f3nica actriz Jean Seberg cuando se ve cubierta en el tumultuoso movimiento de derechos civiles a fines de la d\u00e9cada de 1960 en Los \u00c1ngeles.<\/p>\r\n<p>&nbsp;<\/p>\r\n<p><span><strong>T\u00edtulos:<\/strong>Seberg: M\u00e1s all\u00e1 del cine | Vigilando a Jean Seberg | Seberg<\/span><\/p>\r\n<div id=\"imdb-box\"><strong>IMDb:<\/strong><div id=\"star-rating-box\"><div class=\"star-ratings-css\">\r\n<div class=\"star-ratings-css-top\" style=\"width: 57%\"><span>\u2605<\/span><span>\u2605<\/span><span>\u2605<\/span><span>\u2605<\/span><span>\u2605<\/span><\/div>\r\n<div class=\"star-ratings-css-bottom\"><span>\u2605<\/span><span>\u2605<\/span><span>\u2605<\/span><span>\u2605<\/span><span>\u2605<\/span><\/div>\r\n<\/div><\/div> \u00a0<a href=\"https:\/\/www.imdb.com\/title\/tt1780967\/\" rel=\"nofollow noopener\" target=\"_blank\" style=\"font-weight:bold\">5.7\/10<\/a> de 5,817 votos<\/div>\r\n<p><span><strong>G\u00e9nero:<\/strong>Biograf\u00eda | Drama | Suspenso<\/span><br \/>\r\n<span><strong>Audio:<\/strong>Castellano Espa\u00f1a e Ingl\u00e9s subtitulada<\/span><br \/>\r\n<span><strong>Calidad:<\/strong>Full HD Bluray<\/span><br \/>\r\n<span><strong>Director:<\/strong>Benedict Andrews<\/span><br \/>\r\n<span><strong>Elenco:<\/strong>Kristen Stewart, Yvan Attal, Gabriel Sky, Jack O'Connell, Margaret Qualley, Colm Meaney, Vince Vaughn, Stephen Root, Anthony Mackie, Victoria Barabas<\/span><\/p><!--PlaceholderForAds--><\/td>\r\n<\/tr><\/table><div><!--PlaceholderForLinks--><\/div>","protected":false},"excerpt":{"rendered":"<p>Un joven y ambicioso agente del FBI es asignado para averiguar a la ic\u00f3nica actriz Jean Seberg cuando se ve cubierta en el tumultuoso movimiento de derechos civiles a fines de la d\u00e9cada de 1960 en Los \u00c1ngeles. &nbsp; T\u00edtulos:Seberg: M\u00e1s all\u00e1 del cine | Vigilando a Jean Seberg | Seberg IMDb: \u2605\u2605\u2605\u2605\u2605 \u2605\u2605\u2605\u2605\u2605 \u00a05.7\/10 [&hellip;]<\/p>\n","protected":false},"author":86,"featured_media":13249,"comment_status":"closed","ping_status":"open","sticky":false,"template":"","format":"standard","meta":{"footnotes":""},"categories":[15415,69,12],"tags":[18357,9814,9320,23715,23711,23716,23717,20324,23712,11337,11736,23718,11104,23714,11351,23713,12147,14001],"class_list":["post-13247","post","type-post","status-publish","format-standard","has-post-thumbnail","hentry","category-biografia","category-drama","category-suspenso","tag-18357","tag-anthony-mackie","tag-audio-castellano","tag-ben-kliewer","tag-benedict-andrews","tag-brian-michael-jones","tag-celeste-pechous","tag-colm-meaney","tag-gabriel-sky","tag-jack-oconnell","tag-kristen-stewart","tag-laura-campbell","tag-margaret-qualley","tag-sean-bolger","tag-stephen-root","tag-victoria-barabas","tag-vince-vaughn","tag-yvan-attal"],"aioseo_notices":[],"_links":{"self":[{"href":"https:\/\/www.cinecalidad.ro\/espana\/wp-json\/wp\/v2\/posts\/13247","targetHints":{"allow":["GET"]}}],"collection":[{"href":"https:\/\/www.cinecalidad.ro\/espana\/wp-json\/wp\/v2\/posts"}],"about":[{"href":"https:\/\/www.cinecalidad.ro\/espana\/wp-json\/wp\/v2\/types\/post"}],"author":[{"embeddable":true,"href":"https:\/\/www.cinecalidad.ro\/espana\/wp-json\/wp\/v2\/users\/86"}],"replies":[{"embeddable":true,"href":"https:\/\/www.cinecalidad.ro\/espana\/wp-json\/wp\/v2\/comments?post=13247"}],"version-history":[{"count":1,"href":"https:\/\/www.cinecalidad.ro\/espana\/wp-json\/wp\/v2\/posts\/13247\/revisions"}],"predecessor-version":[{"id":13250,"href":"https:\/\/www.cinecalidad.ro\/espana\/wp-json\/wp\/v2\/posts\/13247\/revisions\/13250"}],"wp:featuredmedia":[{"embeddable":true,"href":"https:\/\/www.cinecalidad.ro\/espana\/wp-json\/wp\/v2\/media\/13249"}],"wp:attachment":[{"href":"https:\/\/www.cinecalidad.ro\/espana\/wp-json\/wp\/v2\/media?parent=13247"}],"wp:term":[{"taxonomy":"category","embeddable":true,"href":"https:\/\/www.cinecalidad.ro\/espana\/wp-json\/wp\/v2\/categories?post=13247"},{"taxonomy":"post_tag","embeddable":true,"href":"https:\/\/www.cinecalidad.ro\/espana\/wp-json\/wp\/v2\/tags?post=13247"}],"curies":[{"name":"wp","href":"https:\/\/api.w.org\/{rel}","templated":true}]}}