{"id":13393,"date":"2021-02-24T08:42:20","date_gmt":"2021-02-24T12:42:20","guid":{"rendered":"https:\/\/www.cinecalidad.is\/espana\/?p=13393"},"modified":"2021-02-24T08:42:29","modified_gmt":"2021-02-24T12:42:29","slug":"black-beach-2020-online-descarga","status":"publish","type":"post","link":"https:\/\/www.cinecalidad.ro\/espana\/pelicula\/black-beach-2020-online-descarga\/","title":{"rendered":"Black Beach (2020)"},"content":{"rendered":"<table border=\"0\" cellspacing=\"0\" cellpadding=\"0\"><tr>\r\n<td style=\"padding-left:0px\"> <img loading=\"lazy\" decoding=\"async\" src=\"\/espana\/wp-content\/uploads\/2021\/02\/Black-Beach-2020.jpg\" alt=\"\" width=\"405\" height=\"600\" class=\"alignnone size-full wp-image-13395\" \/> <\/td>\r\n<td style=\"text-align:justify\">\r\n<p>Carlos, un despiadado experto en negociaci\u00f3n espa\u00f1ol que trabaja en Bruselas, tiene la tarea de manejar el secuestro de un alto ejecutivo de una compa\u00f1\u00eda petrolera en un conflictivo pa\u00eds de \u00c1frica Occidental \u2014con el que tiene viejos y profundos v\u00ednculos\u2014, desgarrado por tensiones \u00e9tnicas y abusos gubernamentales.<\/p>\r\n<p>&nbsp;<\/p>\r\n<p><span><strong>T\u00edtulos:<\/strong>Black Beach<\/span><\/p>\r\n<div id=\"imdb-box\"><strong>IMDb:<\/strong><div id=\"star-rating-box\"><div class=\"star-ratings-css\">\r\n<div class=\"star-ratings-css-top\" style=\"width: 56%\"><span>\u2605<\/span><span>\u2605<\/span><span>\u2605<\/span><span>\u2605<\/span><span>\u2605<\/span><\/div>\r\n<div class=\"star-ratings-css-bottom\"><span>\u2605<\/span><span>\u2605<\/span><span>\u2605<\/span><span>\u2605<\/span><span>\u2605<\/span><\/div>\r\n<\/div><\/div> \u00a0<a href=\"https:\/\/www.imdb.com\/title\/tt9660688\/\" rel=\"nofollow noopener\" target=\"_blank\" style=\"font-weight:bold\">5.6\/10<\/a> de 905 votos<\/div>\r\n<p><span><strong>G\u00e9nero:<\/strong>Acci\u00f3n | Drama | Suspenso<\/span><br \/>\r\n<span><strong>Audio:<\/strong>Castellano Espa\u00f1a<\/span><br \/>\r\n<span><strong>Calidad:<\/strong>Full HD Bluray<\/span><br \/>\r\n<span><strong>Director:<\/strong>Esteban Crespo<\/span><br \/>\r\n<span><strong>Elenco:<\/strong>Ra\u00fal Ar\u00e9valo, Paulina Garc\u00eda, Candela Pe\u00f1a, Claude Musungayi, Babou Cham, Lidia Nen\u00e9, Melina Matthews, Emilio Buale, Mulle Jarju Salvador, A\u00edda Wellgaye<\/span><\/p><!--PlaceholderForAds--><\/td>\r\n<\/tr><\/table><div><!--PlaceholderForLinks--><\/div>","protected":false},"excerpt":{"rendered":"<p>Carlos, un despiadado experto en negociaci\u00f3n espa\u00f1ol que trabaja en Bruselas, tiene la tarea de manejar el secuestro de un alto ejecutivo de una compa\u00f1\u00eda petrolera en un conflictivo pa\u00eds de \u00c1frica Occidental \u2014con el que tiene viejos y profundos v\u00ednculos\u2014, desgarrado por tensiones \u00e9tnicas y abusos gubernamentales. &nbsp; T\u00edtulos:Black Beach IMDb: \u2605\u2605\u2605\u2605\u2605 \u2605\u2605\u2605\u2605\u2605 \u00a05.6\/10 [&hellip;]<\/p>\n","protected":false},"author":86,"featured_media":13395,"comment_status":"closed","ping_status":"open","sticky":false,"template":"","format":"standard","meta":{"footnotes":""},"categories":[3,69,12],"tags":[20876,24102,9320,24099,23591,24098,24105,21206,24096,24104,24103,24100,12677,24101,24107,24097,10588,24106],"class_list":["post-13393","post","type-post","status-publish","format-standard","has-post-thumbnail","hentry","category-accion","category-drama","category-suspenso","tag-20876","tag-aida-wellgaye","tag-audio-castellano","tag-babou-cham","tag-candela-pena","tag-claude-musungayi","tag-dairon-tallon","tag-emilio-buale","tag-esteban-crespo","tag-fenda-drame","tag-jimmy-castro","tag-lidia-nene","tag-melina-matthews","tag-mulle-jarju-salvador","tag-olivier-bony","tag-paulina-garcia","tag-raul-arevalo","tag-teresita-evuy"],"aioseo_notices":[],"_links":{"self":[{"href":"https:\/\/www.cinecalidad.ro\/espana\/wp-json\/wp\/v2\/posts\/13393","targetHints":{"allow":["GET"]}}],"collection":[{"href":"https:\/\/www.cinecalidad.ro\/espana\/wp-json\/wp\/v2\/posts"}],"about":[{"href":"https:\/\/www.cinecalidad.ro\/espana\/wp-json\/wp\/v2\/types\/post"}],"author":[{"embeddable":true,"href":"https:\/\/www.cinecalidad.ro\/espana\/wp-json\/wp\/v2\/users\/86"}],"replies":[{"embeddable":true,"href":"https:\/\/www.cinecalidad.ro\/espana\/wp-json\/wp\/v2\/comments?post=13393"}],"version-history":[{"count":1,"href":"https:\/\/www.cinecalidad.ro\/espana\/wp-json\/wp\/v2\/posts\/13393\/revisions"}],"predecessor-version":[{"id":13397,"href":"https:\/\/www.cinecalidad.ro\/espana\/wp-json\/wp\/v2\/posts\/13393\/revisions\/13397"}],"wp:featuredmedia":[{"embeddable":true,"href":"https:\/\/www.cinecalidad.ro\/espana\/wp-json\/wp\/v2\/media\/13395"}],"wp:attachment":[{"href":"https:\/\/www.cinecalidad.ro\/espana\/wp-json\/wp\/v2\/media?parent=13393"}],"wp:term":[{"taxonomy":"category","embeddable":true,"href":"https:\/\/www.cinecalidad.ro\/espana\/wp-json\/wp\/v2\/categories?post=13393"},{"taxonomy":"post_tag","embeddable":true,"href":"https:\/\/www.cinecalidad.ro\/espana\/wp-json\/wp\/v2\/tags?post=13393"}],"curies":[{"name":"wp","href":"https:\/\/api.w.org\/{rel}","templated":true}]}}