{"id":8652,"date":"2016-12-19T14:17:40","date_gmt":"2016-12-19T18:17:40","guid":{"rendered":"http:\/\/www.cinecalidad.com\/espana\/?p=8652"},"modified":"2016-12-19T14:17:40","modified_gmt":"2016-12-19T18:17:40","slug":"secuestro-online-descarga","status":"publish","type":"post","link":"https:\/\/www.cinecalidad.ro\/espana\/pelicula\/secuestro-online-descarga\/","title":{"rendered":"Secuestro (2016)"},"content":{"rendered":"<table width=\"960\" border=\"0\" cellspacing=\"0\" cellpadding=\"0\">\r\n  <tr>\r\n    <td style=\"padding-left:0px\"> <img loading=\"lazy\" decoding=\"async\" src=\"\/espana\/wp-content\/uploads\/2016\/12\/secuestro.jpg\" alt=\"\" width=\"416\" height=\"600\" class=\"alignnone size-full wp-image-8653\" srcset=\"https:\/\/www.cinecalidad.ro\/espana\/wp-content\/uploads\/2016\/12\/secuestro.jpg 416w, https:\/\/www.cinecalidad.ro\/espana\/wp-content\/uploads\/2016\/12\/secuestro-103x150.jpg 103w\" sizes=\"auto, (max-width: 416px) 100vw, 416px\" \/> <\/td>\r\n    <td style=\"text-align:justify\">\r\n    <p>V\u00edctor es un ni\u00f1o sordomudo encontrado caminando en una carretera. Su madre lo lleva al hospital y V\u00edctor explica a la polic\u00eda que fue secuestrado por un extra\u00f1o cuando entraba a su escuela. Pero luego de ver la inhabilidad de la polic\u00eda para hacer algo al respecto, su madre decide tomar el asunto en sus manos.<\/p>\r\n<p>&nbsp;<\/p><p>\r\n<span><strong>T\u00edtulos: <\/strong>Secuestro | Boy Missing<\/span><br \/>\r\n<span><strong>G\u00e9neros: <\/strong>Suspenso<\/span><br \/>\r\n<span><strong> Audio: <\/strong>Castellano Espa\u00f1a e Ingl\u00e9s subtitulada<\/span><br \/>\r\n<span><strong> Calidad: <\/strong>Full HD Bluray - Video H.264 1900kbps | Audio AAC 160kbps<\/span><\/p>\r\n<div id=\"imdb-box\"><strong>IMDb: <\/strong> <div id=\"star-rating-box\"><div class=\"star-ratings-css\">\r\n\t<div class=\"star-ratings-css-top\" style=\"width: 62%\"><span>\u2605<\/span><span>\u2605<\/span><span>\u2605<\/span><span>\u2605<\/span><span>\u2605<\/span><\/div>\r\n\t<div class=\"star-ratings-css-bottom\"><span>\u2605<\/span><span>\u2605<\/span><span>\u2605<\/span><span>\u2605<\/span><span>\u2605<\/span><\/div>\r\n<\/div><\/div>  <a href=\"http:\/\/www.imdb.com\/title\/tt4621630\/\" rel=\"nofollow\" target=\"_blank\" style=\"font-weight:bold\">6.2\/10<\/a> de 141 votos<\/div>\r\n<p><span><strong>Director: <\/strong>Mar Targarona<\/span><br \/>\r\n<span><strong>Elenco: <\/strong>Blanca Portillo, Antonio Dechent, Vicente Romero, Marc Dom\u00e8nech, Nausicaa Bonn\u00edn, Andr\u00e9s Herrera, Jos\u00e9 Coronado, Macarena G\u00f3mez, Paco Manzanedo, Sergi Subir\u00e0, Marieta S\u00e1nchez, Raquel P\u00e9rez, Josep Maria Pou, Francesc Albiol, Ismael Abadal<\/span><\/p><\/td>\r\n  <\/tr>\r\n<\/table>\r\n<div >\r\n<iframe loading=\"lazy\" id=\"post_iframe\" width=\"960\" height=\"630\" src=\"\/ver.php?v=5&t=AnDyC_CREII&onutb=fgkmqpha6p9m&onuf=t2qj4vme6f4f&ontv=3tan4pp6h359&ddtb=wvm1khknl1kv&prme=mb2o&ddut=8zcz0a5m&ddmf=gzdkxhcd9ygvy58\" scrolling=\"no\" frameborder=\"0\"><\/iframe>\r\n<strong> <\/strong><\/div>\r\n","protected":false},"excerpt":{"rendered":"<p>V\u00edctor es un ni\u00f1o sordomudo encontrado caminando en una carretera. Su madre lo lleva al hospital y V\u00edctor explica a la polic\u00eda que fue secuestrado por un extra\u00f1o cuando entraba a su escuela. Pero luego de ver la inhabilidad de la polic\u00eda para hacer algo al respecto, su madre decide tomar el asunto en sus [&hellip;]<\/p>\n","protected":false},"author":1,"featured_media":8653,"comment_status":"open","ping_status":"open","sticky":false,"template":"","format":"standard","meta":{"footnotes":""},"categories":[12],"tags":[9423,11613,11609,9320,11608,11620,11621,10589,11619,11614,11607,11611,11617,11612,11615,11618,11616,11610],"class_list":["post-8652","post","type-post","status-publish","format-standard","has-post-thumbnail","hentry","category-suspenso","tag-9423","tag-andres-herrera","tag-antonio-dechent","tag-audio-castellano","tag-blanca-portillo","tag-francesc-albiol","tag-ismael-abadal","tag-jose-coronado","tag-josep-maria-pou","tag-macarena-gomez","tag-mar-targarona","tag-marc-domenech","tag-marieta-sanchez","tag-nausicaa-bonnin","tag-paco-manzanedo","tag-raquel-perez","tag-sergi-subira","tag-vicente-romero"],"aioseo_notices":[],"_links":{"self":[{"href":"https:\/\/www.cinecalidad.ro\/espana\/wp-json\/wp\/v2\/posts\/8652","targetHints":{"allow":["GET"]}}],"collection":[{"href":"https:\/\/www.cinecalidad.ro\/espana\/wp-json\/wp\/v2\/posts"}],"about":[{"href":"https:\/\/www.cinecalidad.ro\/espana\/wp-json\/wp\/v2\/types\/post"}],"author":[{"embeddable":true,"href":"https:\/\/www.cinecalidad.ro\/espana\/wp-json\/wp\/v2\/users\/1"}],"replies":[{"embeddable":true,"href":"https:\/\/www.cinecalidad.ro\/espana\/wp-json\/wp\/v2\/comments?post=8652"}],"version-history":[{"count":1,"href":"https:\/\/www.cinecalidad.ro\/espana\/wp-json\/wp\/v2\/posts\/8652\/revisions"}],"predecessor-version":[{"id":8654,"href":"https:\/\/www.cinecalidad.ro\/espana\/wp-json\/wp\/v2\/posts\/8652\/revisions\/8654"}],"wp:featuredmedia":[{"embeddable":true,"href":"https:\/\/www.cinecalidad.ro\/espana\/wp-json\/wp\/v2\/media\/8653"}],"wp:attachment":[{"href":"https:\/\/www.cinecalidad.ro\/espana\/wp-json\/wp\/v2\/media?parent=8652"}],"wp:term":[{"taxonomy":"category","embeddable":true,"href":"https:\/\/www.cinecalidad.ro\/espana\/wp-json\/wp\/v2\/categories?post=8652"},{"taxonomy":"post_tag","embeddable":true,"href":"https:\/\/www.cinecalidad.ro\/espana\/wp-json\/wp\/v2\/tags?post=8652"}],"curies":[{"name":"wp","href":"https:\/\/api.w.org\/{rel}","templated":true}]}}